{"id":971,"date":"2015-11-29T23:07:44","date_gmt":"2015-11-30T05:07:44","guid":{"rendered":"https:\/\/institutomacuil.com\/?p=619"},"modified":"2025-01-06T22:10:25","modified_gmt":"2025-01-06T22:10:25","slug":"el-curandero-herido","status":"publish","type":"post","link":"https:\/\/institutomacuil.com\/en\/el-curandero-herido\/","title":{"rendered":"El curandero herido"},"content":{"rendered":"<p>A menudo, imaginamos al terapeuta como una persona sana que, gracias a su intelecto maduro y emoci\u00f3n resuelta, puede ayudar a otros a trabajar con su vida interior. Sin embargo, \u00bfc\u00f3mo ser\u00eda imaginarnos que la sensibilidad del terapeuta nace, en vez, de una herida?<br \/>\n\u201cHerida\u201d es una expresi\u00f3n para aquello de nosotros mismos que nos duele, que no nos gusta, que nos averg\u00fcenza, que nos da pena y que nos despierta rechazo.\u00a0 Incluye pensamientos, emociones, sensaciones e intuiciones que preferimos ocultar, ignorar o disimular, a favor de quedar bien o de aparecer como normales ante otros y ante nosotros mismos.\u00a0Es una \u201cherida\u201d en el sentido de que corta la experiencia de unidad, totalidad y congruencia.<\/p>\n<p>Para imaginarlo mejor y desde un panorama m\u00e1s amplio, evoco a una figura arquet\u00edpica que, resulta psicol\u00f3gicamente relevante: Hefesto, hijo de Hera, engendrado sin la ayuda de Zeus.\u00a0 Nacido cojo y echado de Olimpo, rechazado y nombrado por su defecto f\u00edsico.\u00a0 Cay\u00f3 al centro de la madre tierra por la boca de un volc\u00e1n, donde naci\u00f3 por segunda vez, fue iniciado en el trabajo con el fuego, convirti\u00e9ndose en el dios herrero, el artesano.<\/p>\n<p>Hefesto creaba objetos, tan \u00fatiles como preciosos, que permitieron a aquel para quien fueron destinados adue\u00f1arse de su propia vida, proporcionando herramientas que le permitieran convertirse en quien m\u00e1s genuinamente era.\u00a0 Fabric\u00f3 el escudo que Eneas llev\u00f3 a la guerra, facilitando que pudiera ser el valiente Eneas; tambi\u00e9n hizo las perlas que tanto resaltan la inigualable belleza de Afrodita.\u00a0 Invent\u00f3 la brida, a petici\u00f3n de Atenea, que permitir\u00eda al hombre domar el instinto desbocado del caballo, iniciando la civilizaci\u00f3n cultural y psicol\u00f3gica.<\/p>\n<p>Ni la herida en su pie, ni la descalificaci\u00f3n de su madre, el rechazo de otros o su dolor, definieron a Hefesto.\u00a0 No actu\u00f3 ni se conoci\u00f3 a s\u00ed mismo como el herido.\u00a0 Se dio a conocer m\u00e1s bien como artesano, el prototipo de quien convierte material sin forma ni fin aparente \u2013materia en bruto\u2013 en instrumentos para la expresi\u00f3n.\u00a0 M\u00e1s que resolver los conflictos de otros, su trabajo proporciona lo que le hace falta al otro para conectar con algo esencial de su ser.<\/p>\n<p>Como imagen del curandero herido, Hefesto ilustra c\u00f3mo la relaci\u00f3n din\u00e1mica con la propia herida es el medio a trav\u00e9s del cual se descubren y desarrollan los dones m\u00e1s profundos y los talentos m\u00e1s finos del nuestro ser.\u00a0 No se trata de eliminar la herida, sino de transitar a trav\u00e9s de su dolor. La relaci\u00f3n amorosa con el dolor despierta lo que hace falta para ser creativos en nuestras vidas.<br \/>\n\u200bLa imagen arquet\u00edpica de Hefesto sostiene a la figura actual del terapeuta que, valora aquello que averg\u00fcenza, amenaza, duele y no encaja, aquello que parad\u00f3jicamente hace que seamos distintos a otros, siendo nosotros mismos.<\/p>\n<p>Recordemos que desde tiempos ancestrales, uno de los m\u00e1s profundos deseos del homo faber \u2013el hombre que fabrica\u2013 es colaborar en todos los sentidos posibles con las transformaciones externas e internas de la materia.\u00a0 Los seres humanos tambi\u00e9n nos descubrimos a trav\u00e9s de lo que hacemos y, a veces, a trav\u00e9s de lo que no hacemos.<\/p>\n<p>El trabajo psicoterap\u00e9utico m\u00e1s profundo ocurre en espacios en donde se tocan las heridas, m\u00e1s para relacionarse creativamente con ellas que para eliminarlas.\u00a0 Imaginemos al psicoterapeuta como un artesano que se revela a s\u00ed mismo a trav\u00e9s del trabajo con su propio dolor, descubriendo as\u00ed lo que el otro necesita para ser m\u00e1s \u00e9l, o ella mismos.<\/p>\n<p>El trabajo artesanal de un terapeuta empieza con el reconocimiento de sus propias heridas, el reto es que sus heridas est\u00e9n presentes en el consultorio sin ser actuadas ni reprimidas; las heridas del terapeuta est\u00e1n al servicio de otro solamente cuando ha transformado su relaci\u00f3n con ellas.\u00a0 Con su artesan\u00eda, el terapeuta se relaciona con sus demonios, dejando que tomen forma y se transformen a trav\u00e9s de lo que aparece en su trabajo. En vez de reparar, su tarea es de re-crear.<\/p>\n<p>Trabajar con las heridas del otro a trav\u00e9s de las heridas propias, como el trabajo de Hefesto \u2013y del psicoterapeuta profundo\u2013, es el arte que sana en la relaci\u00f3n terap\u00e9utica. Es artesano aqu\u00e9l que se relaciona con su pathos, con lo que le apasiona, d\u00e1ndole una nueva forma.\u00a0 La tarea del terapeuta es transitar por lo inesperado y desconocido, aunque le amenace, no lo entienda o le lastime, para des-cubrir nuevas formas, tanto externas como internas, de estar y ser en la vida.<\/p>\n<p>A medida que la herida toman forma concreta en nuestras vidas, salimos de la idea de algo para tener una nueva experiencia de ello.\u00a0 As\u00ed, el herrero y el psicoterapeuta se vuelven maestros del trabajo con el fuego, guiando a otros a relacionarse creativamente con sus propios dolores, pasiones y deseos.\u00a0 Son quienes se transforman a s\u00ed mismos en el proceso, ganando su lugar en la vida gracias a la relaci\u00f3n que establecen con lo que falta, con lo que duele, con lo que mueve.<\/p>\n<p>Relacionarnos con nuestro dolor, con esas im\u00e1genes que acompa\u00f1an a las heridas, es precisamente lo que nos permite encontrarnos con nuestros dones y m\u00e1s profunda y secreta creatividad, dando vida a la sensibilidad terap\u00e9utica con nosotros mismos y con otros.<\/p>\n<p>La herida es una fuente de transformaci\u00f3n cuando transitamos a trav\u00e9s de su dolor, nos inicia en un trabajo dando forma a lo que no lo tiene; es una invitaci\u00f3n a dejar a un lado la repetici\u00f3n y la memoria para abrirnos a la imaginaci\u00f3n y a la creaci\u00f3n, convirti\u00e9ndonos en el ser que m\u00e1s aut\u00e9ntica y profundamente ya somos.<\/p>","protected":false},"excerpt":{"rendered":"<p>A menudo, imaginamos al terapeuta como una persona sana que, gracias a su intelecto maduro y emoci\u00f3n resuelta, puede ayudar a otros a trabajar con su vida interior. Sin embargo, \u00bfc\u00f3mo ser\u00eda imaginarnos que la sensibilidad del terapeuta nace, en vez, de una herida? \u201cHerida\u201d es una expresi\u00f3n para aquello de nosotros mismos que nos&#8230;<\/p>","protected":false},"author":1,"featured_media":0,"comment_status":"closed","ping_status":"closed","sticky":false,"template":"","format":"standard","meta":{"_kad_blocks_custom_css":"","_kad_blocks_head_custom_js":"","_kad_blocks_body_custom_js":"","_kad_blocks_footer_custom_js":"","_kad_post_transparent":"","_kad_post_title":"","_kad_post_layout":"","_kad_post_sidebar_id":"","_kad_post_content_style":"","_kad_post_vertical_padding":"","_kad_post_feature":"","_kad_post_feature_position":"","_kad_post_header":false,"_kad_post_footer":false,"_kad_post_classname":"","footnotes":""},"categories":[9,10],"tags":[],"class_list":["post-971","post","type-post","status-publish","format-standard","hentry","category-arte-terapia","category-suenos"],"taxonomy_info":{"category":[{"value":9,"label":"Arte Terapia"},{"value":10,"label":"Sue\u00f1os"}]},"featured_image_src_large":false,"author_info":{"display_name":"macuil.admin","author_link":"https:\/\/institutomacuil.com\/en\/author\/macuil-admin\/"},"comment_info":0,"category_info":[{"term_id":9,"name":"Arte Terapia","slug":"arte-terapia","term_group":0,"term_taxonomy_id":9,"taxonomy":"category","description":"","parent":0,"count":2,"filter":"raw","cat_ID":9,"category_count":2,"category_description":"","cat_name":"Arte Terapia","category_nicename":"arte-terapia","category_parent":0},{"term_id":10,"name":"Sue\u00f1os","slug":"suenos","term_group":0,"term_taxonomy_id":10,"taxonomy":"category","description":"","parent":0,"count":3,"filter":"raw","cat_ID":10,"category_count":3,"category_description":"","cat_name":"Sue\u00f1os","category_nicename":"suenos","category_parent":0}],"tag_info":false,"_links":{"self":[{"href":"https:\/\/institutomacuil.com\/en\/wp-json\/wp\/v2\/posts\/971","targetHints":{"allow":["GET"]}}],"collection":[{"href":"https:\/\/institutomacuil.com\/en\/wp-json\/wp\/v2\/posts"}],"about":[{"href":"https:\/\/institutomacuil.com\/en\/wp-json\/wp\/v2\/types\/post"}],"author":[{"embeddable":true,"href":"https:\/\/institutomacuil.com\/en\/wp-json\/wp\/v2\/users\/1"}],"replies":[{"embeddable":true,"href":"https:\/\/institutomacuil.com\/en\/wp-json\/wp\/v2\/comments?post=971"}],"version-history":[{"count":1,"href":"https:\/\/institutomacuil.com\/en\/wp-json\/wp\/v2\/posts\/971\/revisions"}],"predecessor-version":[{"id":1158,"href":"https:\/\/institutomacuil.com\/en\/wp-json\/wp\/v2\/posts\/971\/revisions\/1158"}],"wp:attachment":[{"href":"https:\/\/institutomacuil.com\/en\/wp-json\/wp\/v2\/media?parent=971"}],"wp:term":[{"taxonomy":"category","embeddable":true,"href":"https:\/\/institutomacuil.com\/en\/wp-json\/wp\/v2\/categories?post=971"},{"taxonomy":"post_tag","embeddable":true,"href":"https:\/\/institutomacuil.com\/en\/wp-json\/wp\/v2\/tags?post=971"}],"curies":[{"name":"wp","href":"https:\/\/api.w.org\/{rel}","templated":true}]}}