{"id":977,"date":"2016-08-12T19:38:17","date_gmt":"2016-08-13T00:38:17","guid":{"rendered":"https:\/\/institutomacuil.com\/?p=858"},"modified":"2025-01-06T22:10:26","modified_gmt":"2025-01-06T22:10:26","slug":"sobre-los-suenos","status":"publish","type":"post","link":"https:\/\/institutomacuil.com\/en\/sobre-los-suenos\/","title":{"rendered":"Sobre los sue\u00f1os"},"content":{"rendered":"<p>Los sue\u00f1os responden a los acontecimientos concretos y literales de la vida con met\u00e1foras que resaltan el sentido interno de la cotidianidad, poniendo en evidencia el encuentro entre el mundo interno y el externo.\u00a0Un evento cualquiera se convierte en una experiencia cuando adquiere un sentido, cuando de la temporalidad y materialidad, se crea una imagen subjetiva y atemporal.<\/p>\n<p>El trabajo con los sue\u00f1os nos despierta a reimaginar la literalidad de la vida, \u00a0descubriendo un lenguaje con resonancia metaf\u00f3rica. Diferente a la interpretaci\u00f3n de sue\u00f1os, trabajar <em>con<\/em> los sue\u00f1os abre\u00a0la imaginaci\u00f3n.\u00a0La l\u00f3gica que sirve para el mundo externo es la de causa-efecto, la l\u00f3gica del mundo interno es la asociaci\u00f3n e imaginaci\u00f3n.\u00a0Las asociaciones, diferentes al pensamiento concreto, son plurales, din\u00e1micas y universales.\u00a0Diferente al razonamiento de la mente despierta, durante los sue\u00f1os se lleva a cabo un pensamiento m\u00e1s intuitivo, m\u00e1s asociativo, emocional y, por tanto, mucho m\u00e1s creativo. As\u00ed, el trabajo <em>con<\/em> los sue\u00f1os comienza con el reconocimiento de distintos estilos de consciencia y percepci\u00f3n.<\/p>\n<p>El sue\u00f1o es un espejo invertido para la realidad ordinaria; es como si el sue\u00f1o hiciera un comentario \u201cdesde dentro\u201d a lo que pasa de manera ordinaria, d\u00e1ndole nueva forma y posibilidad a las im\u00e1genes de la vida.\u00a0El sue\u00f1o es un encuentro entre otros encuentros: entre la realidad som\u00e1tica, las emociones, los pensamientos y la dimensi\u00f3n m\u00e1s all\u00e1 de lo personal que llamamos transpersonal o espiritual.<\/p>\n<p>La vida se comunica con nosotros a trav\u00e9s de im\u00e1genes y las im\u00e1genes de los sue\u00f1os no pertenecen al mundo de la percepci\u00f3n ordinaria, pertenecen al mundo de la imaginaci\u00f3n. <em>No podemos \u201cver las im\u00e1genes\u201d, m\u00e1s bien, las imaginamos.\u00a0<\/em>Las im\u00e1genes no son solamente algo pict\u00f3rico o visual, son experiencias compuestas de emociones, ideas y sensaciones. Las im\u00e1genes son vivencias pues las experimentamos irremediablemente cuando aparecen.<\/p>\n<p>La vida nos dice lo que quiere de nosotros a trav\u00e9s de las im\u00e1genes que nos presenta; la imagen, diferente al concepto, quiere que entremos en relaci\u00f3n con ella transform\u00e1ndola y transform\u00e1ndonos. Para aprender a dialogar con la vida a trav\u00e9s de sus im\u00e1genes, practicar con los sue\u00f1os es fundamental.\u00a0Las im\u00e1genes de los sue\u00f1os nos ayudan a practicar el di\u00e1logo con lo imaginal pues, <em>\u201ccomo solamente es un sue\u00f1o<\/em>\u201d nos atrevemos a dejar que nos afecten. Si practicamos transformarnos con las im\u00e1genes de los sue\u00f1os, poco a poco podemos \u00a0entrenarnos para re-imaginar lo que acontece en la vida cotidiana desde un punto de vista menos l\u00f3gico y personal y m\u00e1s ana-l\u00f3gico y cerca del alma.<\/p>\n<p><strong>Mar\u00eda Ana Islas<\/strong><\/p>","protected":false},"excerpt":{"rendered":"<p>Los sue\u00f1os responden a los acontecimientos concretos y literales de la vida con met\u00e1foras que resaltan el sentido interno de la cotidianidad, poniendo en evidencia el encuentro entre el mundo interno y el externo.\u00a0Un evento cualquiera se convierte en una experiencia cuando adquiere un sentido, cuando de la temporalidad y materialidad, se crea una imagen&#8230;<\/p>","protected":false},"author":1,"featured_media":0,"comment_status":"closed","ping_status":"closed","sticky":false,"template":"","format":"standard","meta":{"_kad_blocks_custom_css":"","_kad_blocks_head_custom_js":"","_kad_blocks_body_custom_js":"","_kad_blocks_footer_custom_js":"","_kad_post_transparent":"","_kad_post_title":"","_kad_post_layout":"","_kad_post_sidebar_id":"","_kad_post_content_style":"","_kad_post_vertical_padding":"","_kad_post_feature":"","_kad_post_feature_position":"","_kad_post_header":false,"_kad_post_footer":false,"_kad_post_classname":"","footnotes":""},"categories":[1],"tags":[],"class_list":["post-977","post","type-post","status-publish","format-standard","hentry","category-uncategorized"],"taxonomy_info":{"category":[{"value":1,"label":"Uncategorized"}]},"featured_image_src_large":false,"author_info":{"display_name":"macuil.admin","author_link":"https:\/\/institutomacuil.com\/en\/author\/macuil-admin\/"},"comment_info":0,"category_info":[{"term_id":1,"name":"Uncategorized","slug":"uncategorized","term_group":0,"term_taxonomy_id":1,"taxonomy":"category","description":"","parent":0,"count":3,"filter":"raw","cat_ID":1,"category_count":3,"category_description":"","cat_name":"Uncategorized","category_nicename":"uncategorized","category_parent":0}],"tag_info":false,"_links":{"self":[{"href":"https:\/\/institutomacuil.com\/en\/wp-json\/wp\/v2\/posts\/977","targetHints":{"allow":["GET"]}}],"collection":[{"href":"https:\/\/institutomacuil.com\/en\/wp-json\/wp\/v2\/posts"}],"about":[{"href":"https:\/\/institutomacuil.com\/en\/wp-json\/wp\/v2\/types\/post"}],"author":[{"embeddable":true,"href":"https:\/\/institutomacuil.com\/en\/wp-json\/wp\/v2\/users\/1"}],"replies":[{"embeddable":true,"href":"https:\/\/institutomacuil.com\/en\/wp-json\/wp\/v2\/comments?post=977"}],"version-history":[{"count":1,"href":"https:\/\/institutomacuil.com\/en\/wp-json\/wp\/v2\/posts\/977\/revisions"}],"predecessor-version":[{"id":1159,"href":"https:\/\/institutomacuil.com\/en\/wp-json\/wp\/v2\/posts\/977\/revisions\/1159"}],"wp:attachment":[{"href":"https:\/\/institutomacuil.com\/en\/wp-json\/wp\/v2\/media?parent=977"}],"wp:term":[{"taxonomy":"category","embeddable":true,"href":"https:\/\/institutomacuil.com\/en\/wp-json\/wp\/v2\/categories?post=977"},{"taxonomy":"post_tag","embeddable":true,"href":"https:\/\/institutomacuil.com\/en\/wp-json\/wp\/v2\/tags?post=977"}],"curies":[{"name":"wp","href":"https:\/\/api.w.org\/{rel}","templated":true}]}}